{"id":4239,"date":"2023-07-05T11:58:05","date_gmt":"2023-07-05T09:58:05","guid":{"rendered":"https:\/\/oostfreeske-taal.de\/de-vorstand-2\/"},"modified":"2025-04-22T12:20:37","modified_gmt":"2025-04-22T10:20:37","slug":"de-vorstand-2","status":"publish","type":"post","link":"https:\/\/oostfreeske-taal.de\/platt\/de-vorstand-2\/","title":{"rendered":"De V\u00f6rstand"},"content":{"rendered":"<p>Siet mehr as 30 Jahr gifft dat de Vereen Oostfreeske Taal. Uns Verein warrt van een negenkoppigen, ehrenamtlichen Vorstand leidt, de de Vereinsaken na de Regeln van de Statuten un de Besluten van de Liddsversammlungen f\u00f6hrt.<\/p>\n<p>De V\u00f6rstand word van de Ledenversammeln mit eenfache Stimmenmehrheid f\u00f6r de Tied van twee Jahr w\u00e4hlt unner de Bedingung, dat sien Amtstied bit to \u2019t Ofhollen van de nahste Wahlen wiederl\u00f6ppt.<\/p>\n<figure><\/figure>\n\n<div class=\"wp-block-uagb-icon-list uagb-block-886b0afe\"><div class=\"uagb-icon-list__wrap\">\n<div class=\"wp-block-uagb-icon-list-child uagb-block-3f4a5a70\"><a target=\"_self\" aria-label=\"Zu den Vorstandsmitgliedern\" rel=\"noopener noreferrer\" href=\"https:\/\/oostfreeske-taal.de\/platt\/lid-worden\/\"> <\/a><span class=\"uagb-icon-list__source-wrap\"><svg xmlns=\"https:\/\/www.w3.org\/2000\/svg\" viewbox=\"0 0 256 512\"><path d=\"M64 448c-8.188 0-16.38-3.125-22.62-9.375c-12.5-12.5-12.5-32.75 0-45.25L178.8 256L41.38 118.6c-12.5-12.5-12.5-32.75 0-45.25s32.75-12.5 45.25 0l160 160c12.5 12.5 12.5 32.75 0 45.25l-160 160C80.38 444.9 72.19 448 64 448z\"><\/path><\/svg><\/span><span class=\"uagb-icon-list__label\">Na de V\u00f6rstandsleden hen<\/span><\/div>\n<\/div><\/div>\n","protected":false},"excerpt":{"rendered":"<p>Siet mehr as 30 Jahr gifft dat de Vereen Oostfreeske Taal. Uns Verein warrt van een negenkoppigen, ehrenamtlichen Vorstand leidt, de de Vereinsaken na de Regeln van de Statuten un de Besluten van de Liddsversammlungen f\u00f6hrt. De V\u00f6rstand word van de Ledenversammeln mit eenfache Stimmenmehrheid f\u00f6r de Tied van twee Jahr w\u00e4hlt unner de Bedingung, [&hellip;]<\/p>\n","protected":false},"author":6,"featured_media":3894,"comment_status":"closed","ping_status":"closed","sticky":false,"template":"","format":"standard","meta":{"footnotes":""},"categories":[1],"tags":[],"class_list":["post-4239","post","type-post","status-publish","format-standard","has-post-thumbnail","hentry","category-unkategorisiert"],"yoast_head":"<!-- This site is optimized with the Yoast SEO plugin v27.3 - https:\/\/yoast.com\/product\/yoast-seo-wordpress\/ -->\n<title>De V\u00f6rstand - Oostfreeske Taal<\/title>\n<meta name=\"robots\" content=\"index, follow, max-snippet:-1, max-image-preview:large, max-video-preview:-1\" \/>\n<link rel=\"canonical\" href=\"https:\/\/oostfreeske-taal.de\/platt\/de-vorstand-2\/\" \/>\n<meta property=\"og:locale\" content=\"de_DE\" \/>\n<meta property=\"og:type\" content=\"article\" \/>\n<meta property=\"og:title\" content=\"De V\u00f6rstand - Oostfreeske Taal\" \/>\n<meta property=\"og:description\" content=\"Siet mehr as 30 Jahr gifft dat de Vereen Oostfreeske Taal. Uns Verein warrt van een negenkoppigen, ehrenamtlichen Vorstand leidt, de de Vereinsaken na de Regeln van de Statuten un de Besluten van de Liddsversammlungen f\u00f6hrt. De V\u00f6rstand word van de Ledenversammeln mit eenfache Stimmenmehrheid f\u00f6r de Tied van twee Jahr w\u00e4hlt unner de Bedingung, [&hellip;]\" \/>\n<meta property=\"og:url\" content=\"https:\/\/oostfreeske-taal.de\/platt\/de-vorstand-2\/\" \/>\n<meta property=\"og:site_name\" content=\"Oostfreeske Taal\" \/>\n<meta property=\"article:published_time\" content=\"2023-07-05T09:58:05+00:00\" \/>\n<meta property=\"article:modified_time\" content=\"2025-04-22T10:20:37+00:00\" \/>\n<meta property=\"og:image\" content=\"https:\/\/oostfreeske-taal.de\/wp-content\/uploads\/2023\/04\/20-Voerstand-scaled-1.jpg\" \/>\n\t<meta property=\"og:image:width\" content=\"2560\" \/>\n\t<meta property=\"og:image:height\" content=\"1696\" \/>\n\t<meta property=\"og:image:type\" content=\"image\/jpeg\" \/>\n<meta name=\"author\" content=\"m01n-admin\" \/>\n<meta name=\"twitter:card\" content=\"summary_large_image\" \/>\n<meta name=\"twitter:label1\" content=\"Written by\" \/>\n\t<meta name=\"twitter:data1\" content=\"m01n-admin\" \/>\n\t<meta name=\"twitter:label2\" content=\"Est. reading time\" \/>\n\t<meta name=\"twitter:data2\" content=\"1 minute\" \/>\n<script type=\"application\/ld+json\" class=\"yoast-schema-graph\">{\"@context\":\"https:\\\/\\\/schema.org\",\"@graph\":[{\"@type\":\"Article\",\"@id\":\"https:\\\/\\\/oostfreeske-taal.de\\\/platt\\\/de-vorstand-2\\\/#article\",\"isPartOf\":{\"@id\":\"https:\\\/\\\/oostfreeske-taal.de\\\/platt\\\/de-vorstand-2\\\/\"},\"author\":{\"name\":\"m01n-admin\",\"@id\":\"https:\\\/\\\/oostfreeske-taal.de\\\/platt\\\/#\\\/schema\\\/person\\\/4b78e330570f60c4079ca2bf2ddda123\"},\"headline\":\"De V\u00f6rstand\",\"datePublished\":\"2023-07-05T09:58:05+00:00\",\"dateModified\":\"2025-04-22T10:20:37+00:00\",\"mainEntityOfPage\":{\"@id\":\"https:\\\/\\\/oostfreeske-taal.de\\\/platt\\\/de-vorstand-2\\\/\"},\"wordCount\":79,\"image\":{\"@id\":\"https:\\\/\\\/oostfreeske-taal.de\\\/platt\\\/de-vorstand-2\\\/#primaryimage\"},\"thumbnailUrl\":\"https:\\\/\\\/oostfreeske-taal.de\\\/wp-content\\\/uploads\\\/2023\\\/04\\\/20-Voerstand-scaled-1.jpg\",\"articleSection\":[\"Unkategorisiert\"],\"inLanguage\":\"de-platt\"},{\"@type\":\"WebPage\",\"@id\":\"https:\\\/\\\/oostfreeske-taal.de\\\/platt\\\/de-vorstand-2\\\/\",\"url\":\"https:\\\/\\\/oostfreeske-taal.de\\\/platt\\\/de-vorstand-2\\\/\",\"name\":\"De V\u00f6rstand - Oostfreeske Taal\",\"isPartOf\":{\"@id\":\"https:\\\/\\\/oostfreeske-taal.de\\\/platt\\\/#website\"},\"primaryImageOfPage\":{\"@id\":\"https:\\\/\\\/oostfreeske-taal.de\\\/platt\\\/de-vorstand-2\\\/#primaryimage\"},\"image\":{\"@id\":\"https:\\\/\\\/oostfreeske-taal.de\\\/platt\\\/de-vorstand-2\\\/#primaryimage\"},\"thumbnailUrl\":\"https:\\\/\\\/oostfreeske-taal.de\\\/wp-content\\\/uploads\\\/2023\\\/04\\\/20-Voerstand-scaled-1.jpg\",\"datePublished\":\"2023-07-05T09:58:05+00:00\",\"dateModified\":\"2025-04-22T10:20:37+00:00\",\"author\":{\"@id\":\"https:\\\/\\\/oostfreeske-taal.de\\\/platt\\\/#\\\/schema\\\/person\\\/4b78e330570f60c4079ca2bf2ddda123\"},\"breadcrumb\":{\"@id\":\"https:\\\/\\\/oostfreeske-taal.de\\\/platt\\\/de-vorstand-2\\\/#breadcrumb\"},\"inLanguage\":\"de-platt\",\"potentialAction\":[{\"@type\":\"ReadAction\",\"target\":[\"https:\\\/\\\/oostfreeske-taal.de\\\/platt\\\/de-vorstand-2\\\/\"]}]},{\"@type\":\"ImageObject\",\"inLanguage\":\"de-platt\",\"@id\":\"https:\\\/\\\/oostfreeske-taal.de\\\/platt\\\/de-vorstand-2\\\/#primaryimage\",\"url\":\"https:\\\/\\\/oostfreeske-taal.de\\\/wp-content\\\/uploads\\\/2023\\\/04\\\/20-Voerstand-scaled-1.jpg\",\"contentUrl\":\"https:\\\/\\\/oostfreeske-taal.de\\\/wp-content\\\/uploads\\\/2023\\\/04\\\/20-Voerstand-scaled-1.jpg\",\"width\":2560,\"height\":1696},{\"@type\":\"BreadcrumbList\",\"@id\":\"https:\\\/\\\/oostfreeske-taal.de\\\/platt\\\/de-vorstand-2\\\/#breadcrumb\",\"itemListElement\":[{\"@type\":\"ListItem\",\"position\":1,\"name\":\"Startseite\",\"item\":\"https:\\\/\\\/oostfreeske-taal.de\\\/platt\\\/\"},{\"@type\":\"ListItem\",\"position\":2,\"name\":\"De V\u00f6rstand\"}]},{\"@type\":\"WebSite\",\"@id\":\"https:\\\/\\\/oostfreeske-taal.de\\\/platt\\\/#website\",\"url\":\"https:\\\/\\\/oostfreeske-taal.de\\\/platt\\\/\",\"name\":\"Oostfreeske Taal\",\"description\":\"\",\"potentialAction\":[{\"@type\":\"SearchAction\",\"target\":{\"@type\":\"EntryPoint\",\"urlTemplate\":\"https:\\\/\\\/oostfreeske-taal.de\\\/platt\\\/?s={search_term_string}\"},\"query-input\":{\"@type\":\"PropertyValueSpecification\",\"valueRequired\":true,\"valueName\":\"search_term_string\"}}],\"inLanguage\":\"de-platt\"},{\"@type\":\"Person\",\"@id\":\"https:\\\/\\\/oostfreeske-taal.de\\\/platt\\\/#\\\/schema\\\/person\\\/4b78e330570f60c4079ca2bf2ddda123\",\"name\":\"m01n-admin\",\"image\":{\"@type\":\"ImageObject\",\"inLanguage\":\"de-platt\",\"@id\":\"https:\\\/\\\/secure.gravatar.com\\\/avatar\\\/bd4e792d6e0c1f96ceb980a446c881ba30992c667fbe80e711c1318ba7384935?s=96&d=mm&r=g\",\"url\":\"https:\\\/\\\/secure.gravatar.com\\\/avatar\\\/bd4e792d6e0c1f96ceb980a446c881ba30992c667fbe80e711c1318ba7384935?s=96&d=mm&r=g\",\"contentUrl\":\"https:\\\/\\\/secure.gravatar.com\\\/avatar\\\/bd4e792d6e0c1f96ceb980a446c881ba30992c667fbe80e711c1318ba7384935?s=96&d=mm&r=g\",\"caption\":\"m01n-admin\"},\"url\":\"https:\\\/\\\/oostfreeske-taal.de\\\/platt\\\/author\\\/m01n-admin\\\/\"}]}<\/script>\n<!-- \/ Yoast SEO plugin. -->","yoast_head_json":{"title":"De V\u00f6rstand - Oostfreeske Taal","robots":{"index":"index","follow":"follow","max-snippet":"max-snippet:-1","max-image-preview":"max-image-preview:large","max-video-preview":"max-video-preview:-1"},"canonical":"https:\/\/oostfreeske-taal.de\/platt\/de-vorstand-2\/","og_locale":"de_DE","og_type":"article","og_title":"De V\u00f6rstand - Oostfreeske Taal","og_description":"Siet mehr as 30 Jahr gifft dat de Vereen Oostfreeske Taal. Uns Verein warrt van een negenkoppigen, ehrenamtlichen Vorstand leidt, de de Vereinsaken na de Regeln van de Statuten un de Besluten van de Liddsversammlungen f\u00f6hrt. De V\u00f6rstand word van de Ledenversammeln mit eenfache Stimmenmehrheid f\u00f6r de Tied van twee Jahr w\u00e4hlt unner de Bedingung, [&hellip;]","og_url":"https:\/\/oostfreeske-taal.de\/platt\/de-vorstand-2\/","og_site_name":"Oostfreeske Taal","article_published_time":"2023-07-05T09:58:05+00:00","article_modified_time":"2025-04-22T10:20:37+00:00","og_image":[{"width":2560,"height":1696,"url":"https:\/\/oostfreeske-taal.de\/wp-content\/uploads\/2023\/04\/20-Voerstand-scaled-1.jpg","type":"image\/jpeg"}],"author":"m01n-admin","twitter_card":"summary_large_image","twitter_misc":{"Written by":"m01n-admin","Est. reading time":"1 minute"},"schema":{"@context":"https:\/\/schema.org","@graph":[{"@type":"Article","@id":"https:\/\/oostfreeske-taal.de\/platt\/de-vorstand-2\/#article","isPartOf":{"@id":"https:\/\/oostfreeske-taal.de\/platt\/de-vorstand-2\/"},"author":{"name":"m01n-admin","@id":"https:\/\/oostfreeske-taal.de\/platt\/#\/schema\/person\/4b78e330570f60c4079ca2bf2ddda123"},"headline":"De V\u00f6rstand","datePublished":"2023-07-05T09:58:05+00:00","dateModified":"2025-04-22T10:20:37+00:00","mainEntityOfPage":{"@id":"https:\/\/oostfreeske-taal.de\/platt\/de-vorstand-2\/"},"wordCount":79,"image":{"@id":"https:\/\/oostfreeske-taal.de\/platt\/de-vorstand-2\/#primaryimage"},"thumbnailUrl":"https:\/\/oostfreeske-taal.de\/wp-content\/uploads\/2023\/04\/20-Voerstand-scaled-1.jpg","articleSection":["Unkategorisiert"],"inLanguage":"de-platt"},{"@type":"WebPage","@id":"https:\/\/oostfreeske-taal.de\/platt\/de-vorstand-2\/","url":"https:\/\/oostfreeske-taal.de\/platt\/de-vorstand-2\/","name":"De V\u00f6rstand - Oostfreeske Taal","isPartOf":{"@id":"https:\/\/oostfreeske-taal.de\/platt\/#website"},"primaryImageOfPage":{"@id":"https:\/\/oostfreeske-taal.de\/platt\/de-vorstand-2\/#primaryimage"},"image":{"@id":"https:\/\/oostfreeske-taal.de\/platt\/de-vorstand-2\/#primaryimage"},"thumbnailUrl":"https:\/\/oostfreeske-taal.de\/wp-content\/uploads\/2023\/04\/20-Voerstand-scaled-1.jpg","datePublished":"2023-07-05T09:58:05+00:00","dateModified":"2025-04-22T10:20:37+00:00","author":{"@id":"https:\/\/oostfreeske-taal.de\/platt\/#\/schema\/person\/4b78e330570f60c4079ca2bf2ddda123"},"breadcrumb":{"@id":"https:\/\/oostfreeske-taal.de\/platt\/de-vorstand-2\/#breadcrumb"},"inLanguage":"de-platt","potentialAction":[{"@type":"ReadAction","target":["https:\/\/oostfreeske-taal.de\/platt\/de-vorstand-2\/"]}]},{"@type":"ImageObject","inLanguage":"de-platt","@id":"https:\/\/oostfreeske-taal.de\/platt\/de-vorstand-2\/#primaryimage","url":"https:\/\/oostfreeske-taal.de\/wp-content\/uploads\/2023\/04\/20-Voerstand-scaled-1.jpg","contentUrl":"https:\/\/oostfreeske-taal.de\/wp-content\/uploads\/2023\/04\/20-Voerstand-scaled-1.jpg","width":2560,"height":1696},{"@type":"BreadcrumbList","@id":"https:\/\/oostfreeske-taal.de\/platt\/de-vorstand-2\/#breadcrumb","itemListElement":[{"@type":"ListItem","position":1,"name":"Startseite","item":"https:\/\/oostfreeske-taal.de\/platt\/"},{"@type":"ListItem","position":2,"name":"De V\u00f6rstand"}]},{"@type":"WebSite","@id":"https:\/\/oostfreeske-taal.de\/platt\/#website","url":"https:\/\/oostfreeske-taal.de\/platt\/","name":"Oostfreeske Taal","description":"","potentialAction":[{"@type":"SearchAction","target":{"@type":"EntryPoint","urlTemplate":"https:\/\/oostfreeske-taal.de\/platt\/?s={search_term_string}"},"query-input":{"@type":"PropertyValueSpecification","valueRequired":true,"valueName":"search_term_string"}}],"inLanguage":"de-platt"},{"@type":"Person","@id":"https:\/\/oostfreeske-taal.de\/platt\/#\/schema\/person\/4b78e330570f60c4079ca2bf2ddda123","name":"m01n-admin","image":{"@type":"ImageObject","inLanguage":"de-platt","@id":"https:\/\/secure.gravatar.com\/avatar\/bd4e792d6e0c1f96ceb980a446c881ba30992c667fbe80e711c1318ba7384935?s=96&d=mm&r=g","url":"https:\/\/secure.gravatar.com\/avatar\/bd4e792d6e0c1f96ceb980a446c881ba30992c667fbe80e711c1318ba7384935?s=96&d=mm&r=g","contentUrl":"https:\/\/secure.gravatar.com\/avatar\/bd4e792d6e0c1f96ceb980a446c881ba30992c667fbe80e711c1318ba7384935?s=96&d=mm&r=g","caption":"m01n-admin"},"url":"https:\/\/oostfreeske-taal.de\/platt\/author\/m01n-admin\/"}]}},"_links":{"self":[{"href":"https:\/\/oostfreeske-taal.de\/platt\/wp-json\/wp\/v2\/posts\/4239","targetHints":{"allow":["GET"]}}],"collection":[{"href":"https:\/\/oostfreeske-taal.de\/platt\/wp-json\/wp\/v2\/posts"}],"about":[{"href":"https:\/\/oostfreeske-taal.de\/platt\/wp-json\/wp\/v2\/types\/post"}],"author":[{"embeddable":true,"href":"https:\/\/oostfreeske-taal.de\/platt\/wp-json\/wp\/v2\/users\/6"}],"replies":[{"embeddable":true,"href":"https:\/\/oostfreeske-taal.de\/platt\/wp-json\/wp\/v2\/comments?post=4239"}],"version-history":[{"count":23,"href":"https:\/\/oostfreeske-taal.de\/platt\/wp-json\/wp\/v2\/posts\/4239\/revisions"}],"predecessor-version":[{"id":5503,"href":"https:\/\/oostfreeske-taal.de\/platt\/wp-json\/wp\/v2\/posts\/4239\/revisions\/5503"}],"wp:featuredmedia":[{"embeddable":true,"href":"https:\/\/oostfreeske-taal.de\/platt\/wp-json\/wp\/v2\/media\/3894"}],"wp:attachment":[{"href":"https:\/\/oostfreeske-taal.de\/platt\/wp-json\/wp\/v2\/media?parent=4239"}],"wp:term":[{"taxonomy":"category","embeddable":true,"href":"https:\/\/oostfreeske-taal.de\/platt\/wp-json\/wp\/v2\/categories?post=4239"},{"taxonomy":"post_tag","embeddable":true,"href":"https:\/\/oostfreeske-taal.de\/platt\/wp-json\/wp\/v2\/tags?post=4239"}],"curies":[{"name":"wp","href":"https:\/\/api.w.org\/{rel}","templated":true}]}}